{"id":173,"date":"2014-07-09T10:52:36","date_gmt":"2014-07-09T14:52:36","guid":{"rendered":"http:\/\/biblioteca.proeibandes.org\/?p=173"},"modified":"2014-07-09T10:54:02","modified_gmt":"2014-07-09T14:54:02","slug":"libros-nuevos-misiones-e-interculturalidad","status":"publish","type":"post","link":"https:\/\/biblioteca.proeibandes.org\/?p=173","title":{"rendered":"Libros nuevos: Misiones e interculturalidad"},"content":{"rendered":"<p><a href=\"http:\/\/biblioteca.proeibandes.org\/wp-content\/uploads\/2014\/07\/035.jpg\"><img loading=\"lazy\" decoding=\"async\" class=\"size-medium wp-image-174 aligncenter\" src=\"http:\/\/biblioteca.proeibandes.org\/wp-content\/uploads\/2014\/07\/035-223x300.jpg\" alt=\"035\" width=\"223\" height=\"300\" srcset=\"https:\/\/biblioteca.proeibandes.org\/wp-content\/uploads\/2014\/07\/035-223x300.jpg 223w, https:\/\/biblioteca.proeibandes.org\/wp-content\/uploads\/2014\/07\/035.jpg 476w\" sizes=\"auto, (max-width: 223px) 100vw, 223px\" \/><\/a><\/p>\n<p><strong>C\u00f3digo:<\/strong> L\u20137.4\u2013103<\/p>\n<p><strong>T\u00edtulo:<\/strong> Otra misi\u00f3n es posible: Dialogar desde espacios sapienciales e interculturales<\/p>\n<p><strong>Autor(es):<\/strong> Cervi\u00f1o, Lucas<\/p>\n<p>Cochabamba. Instituto de Misionolog\u00eda<\/p>\n<p><strong>Datos de edici\u00f3n:<\/strong> Cochabamba: Itinerarios. 2010. v. 2 \u2013 Serie \u00abReencantando la misi\u00f3n\u00bb, 289 p.<\/p>\n<p><!--more--><\/p>\n<p style=\"text-align: justify;\"><strong>Descriptores:<\/strong> &lt;MISI\u00d3N&gt; &lt;INTERCULTURALIDAD&gt; &lt;MISIONES Y DIVERSIDAD&gt; &lt;DIVINIDAD&gt; &lt;ENCUENTRO EXISTENCIAL DE VISIONES&gt; &lt;MISIONOLOG\u00cdA&gt; &lt;TEOLOG\u00cdA DE FRONTERA&gt; &lt;SIGNIFICADO DE MISI\u00d3N&gt; &lt;HERMEN\u00c9UTICA TEOL\u00d3GICA INTERCULTURAL&gt; &lt;LUGAR TEOL\u00d3GICO CULTURA&gt; &lt;AN\u00c1LISIS EXEG\u00c9TICO\u2013HERMEN\u00c9UTICO&gt; &lt;EVANGELIO DE MARCOS&gt; &lt;COMPLEMENTACI\u00d3N ENTRE PENSAMIENTO Y AMOR&gt; &lt;ESPACIOS SAPIENCIALES INTERCULTURALES&gt; &lt;DI\u00c1LOGO INTERCULTURAL&gt;<\/p>\n<p style=\"text-align: justify; padding-left: 30px;\"><strong>Resumen:<\/strong>Se podr\u00eda afirmar que esta obra es una aut\u00e9ntica hermen\u00e9utica para interpretar la realidad, y esto, desde la fe cristiana. En ese sentido, es un libro de reflexi\u00f3n teol\u00f3gica, pero original y pionera, muy diferente de las que se est\u00e1 acostumbrado leer. Su lenguaje no es clerical ni eclesi\u00e1stico, es simb\u00f3lico, cultural y po\u00e9tico, secular, tomando la cultura como un verdadero lugar teol\u00f3gico inspirador.<\/p>\n<p style=\"text-align: justify; padding-left: 30px;\">En este documento, se unen la misi\u00f3n y la interculturalidad: Jes\u00fas se deja interpelar por la sirofenicia y dejando atr\u00e1s su nacional\u2013juda\u00edsmo cura a la ni\u00f1a enferma, Octavio Paz se convierte en antorcha luminosa en el crep\u00fasculo, Panikkar y Suess dialogan sobre la misi\u00f3n, el Decreto conciliar Ad Gentes se convierte en una propuesta \u201cinter gentes\u201d Pablo VI habla de evangelizaci\u00f3n y Juan Pablo II de nueva evangelizaci\u00f3n, Mardones y Fornet Betancourt discuten sobre culturas y religiones con Chiara Lubich, Diana de Vallescar, Gustavo Guti\u00e9rrez, Geffr\u00e9 y Diego Irarr\u00e1zaval, mientras Le\u00f3n Felipe y Antonio Machado ponen m\u00fasica po\u00e9tica a Bonhoeffer.<\/p>\n","protected":false},"excerpt":{"rendered":"<p>C\u00f3digo: L\u20137.4\u2013103 T\u00edtulo: Otra misi\u00f3n es posible: Dialogar desde espacios sapienciales e interculturales Autor(es): Cervi\u00f1o, Lucas Cochabamba. Instituto de Misionolog\u00eda Datos de edici\u00f3n: Cochabamba: Itinerarios. 2010. v. 2 \u2013 Serie \u00abReencantando la misi\u00f3n\u00bb, 289 p.<\/p>\n","protected":false},"author":2,"featured_media":0,"comment_status":"closed","ping_status":"closed","sticky":false,"template":"","format":"standard","meta":{"footnotes":""},"categories":[22,26],"tags":[10,32],"class_list":["post-173","post","type-post","status-publish","format-standard","hentry","category-interculturalidad-2","category-misiones","tag-interculturalidad","tag-misiones-2"],"_links":{"self":[{"href":"https:\/\/biblioteca.proeibandes.org\/index.php?rest_route=\/wp\/v2\/posts\/173","targetHints":{"allow":["GET"]}}],"collection":[{"href":"https:\/\/biblioteca.proeibandes.org\/index.php?rest_route=\/wp\/v2\/posts"}],"about":[{"href":"https:\/\/biblioteca.proeibandes.org\/index.php?rest_route=\/wp\/v2\/types\/post"}],"author":[{"embeddable":true,"href":"https:\/\/biblioteca.proeibandes.org\/index.php?rest_route=\/wp\/v2\/users\/2"}],"replies":[{"embeddable":true,"href":"https:\/\/biblioteca.proeibandes.org\/index.php?rest_route=%2Fwp%2Fv2%2Fcomments&post=173"}],"version-history":[{"count":1,"href":"https:\/\/biblioteca.proeibandes.org\/index.php?rest_route=\/wp\/v2\/posts\/173\/revisions"}],"predecessor-version":[{"id":175,"href":"https:\/\/biblioteca.proeibandes.org\/index.php?rest_route=\/wp\/v2\/posts\/173\/revisions\/175"}],"wp:attachment":[{"href":"https:\/\/biblioteca.proeibandes.org\/index.php?rest_route=%2Fwp%2Fv2%2Fmedia&parent=173"}],"wp:term":[{"taxonomy":"category","embeddable":true,"href":"https:\/\/biblioteca.proeibandes.org\/index.php?rest_route=%2Fwp%2Fv2%2Fcategories&post=173"},{"taxonomy":"post_tag","embeddable":true,"href":"https:\/\/biblioteca.proeibandes.org\/index.php?rest_route=%2Fwp%2Fv2%2Ftags&post=173"}],"curies":[{"name":"wp","href":"https:\/\/api.w.org\/{rel}","templated":true}]}}