{"id":169,"date":"2014-07-09T10:50:14","date_gmt":"2014-07-09T14:50:14","guid":{"rendered":"http:\/\/biblioteca.proeibandes.org\/?p=169"},"modified":"2014-07-09T10:51:05","modified_gmt":"2014-07-09T14:51:05","slug":"libros-nuevos-formacion-grupal","status":"publish","type":"post","link":"https:\/\/biblioteca.proeibandes.org\/?p=169","title":{"rendered":"Libros nuevos: Formaci\u00f3n grupal"},"content":{"rendered":"<p><a href=\"http:\/\/biblioteca.proeibandes.org\/wp-content\/uploads\/2014\/07\/025-2.jpg\"><img loading=\"lazy\" decoding=\"async\" class=\"size-medium wp-image-170 aligncenter\" src=\"http:\/\/biblioteca.proeibandes.org\/wp-content\/uploads\/2014\/07\/025-2-202x300.jpg\" alt=\"025 (2)\" width=\"202\" height=\"300\" srcset=\"https:\/\/biblioteca.proeibandes.org\/wp-content\/uploads\/2014\/07\/025-2-202x300.jpg 202w, https:\/\/biblioteca.proeibandes.org\/wp-content\/uploads\/2014\/07\/025-2.jpg 433w\" sizes=\"auto, (max-width: 202px) 100vw, 202px\" \/><\/a><\/p>\n<p><strong>C\u00f3digo:<\/strong> L\u20132.4\u2013426<\/p>\n<p><strong>T\u00edtulo:<\/strong> Perfil del animador socio\u2013cultural<\/p>\n<p><strong>Autor(es):<\/strong> Ander\u2013Egg, Ezequiel<\/p>\n<p><strong>Datos de edici\u00f3n:<\/strong> Buenos Aires: Lumen\u2013Hvmanitas. 2005. 117 p.<\/p>\n<p><!--more--><\/p>\n<p style=\"text-align: justify;\"><strong>Descriptores:<\/strong> &lt;ANIMACI\u00d3N SOCIO\u2013CULTURAL&gt; &lt;FORMADOR GRUPAL&gt; &lt;AGENTES DE ACCI\u00d3N CULTURAL&gt; &lt;ANIMADOR SOCIOCULTURAL \u2013 PERFIL&gt;<\/p>\n<p style=\"text-align: justify; padding-left: 30px;\"><strong>Resumen:<\/strong>Cuando la versi\u00f3n original de este libro se public\u00f3, en 1985, exist\u00eda un inter\u00e9s m\u00e1s o menos significativo por la formaci\u00f3n de animadores socio\u2013culturales y por su inserci\u00f3n en un campo espec\u00edfico de la pol\u00edtica cultural. Personas de diferentes profesiones, y algunas sin profesi\u00f3n alguna, pero que ten\u00edan alg\u00fan tipo de militancia social, se interesaron por la animaci\u00f3n socio\u2013cultural.<\/p>\n<p style=\"text-align: justify; padding-left: 30px;\">Al publicar esta nueva edici\u00f3n, aquel impulso inicial ha perdido gran parte de su empuje, al menos como campo espec\u00edfico de actuaci\u00f3n. Pero la idea de animar y dinamizar la vida social sigue vigente. Su reedici\u00f3n en este momento se justifica como expresi\u00f3n de \u201cun trozo de memoria hist\u00f3rica\u201d de uno de los variados campos de intervenci\u00f3n social, cultural y educativa, como han sido \u2013 y siguen siendo \u2013 el trabajo social, la educaci\u00f3n popular, el desarrollo de la comunidad y la investigaci\u00f3n\u2013acci\u00f3n\u2013participativa.<\/p>\n","protected":false},"excerpt":{"rendered":"<p>C\u00f3digo: L\u20132.4\u2013426 T\u00edtulo: Perfil del animador socio\u2013cultural Autor(es): Ander\u2013Egg, Ezequiel Datos de edici\u00f3n: Buenos Aires: Lumen\u2013Hvmanitas. 2005. 117 p.<\/p>\n","protected":false},"author":2,"featured_media":0,"comment_status":"closed","ping_status":"closed","sticky":false,"template":"","format":"standard","meta":{"footnotes":""},"categories":[1],"tags":[30,31],"class_list":["post-169","post","type-post","status-publish","format-standard","hentry","category-sin-categoria","tag-ander-egg","tag-animacion-cultural"],"_links":{"self":[{"href":"https:\/\/biblioteca.proeibandes.org\/index.php?rest_route=\/wp\/v2\/posts\/169","targetHints":{"allow":["GET"]}}],"collection":[{"href":"https:\/\/biblioteca.proeibandes.org\/index.php?rest_route=\/wp\/v2\/posts"}],"about":[{"href":"https:\/\/biblioteca.proeibandes.org\/index.php?rest_route=\/wp\/v2\/types\/post"}],"author":[{"embeddable":true,"href":"https:\/\/biblioteca.proeibandes.org\/index.php?rest_route=\/wp\/v2\/users\/2"}],"replies":[{"embeddable":true,"href":"https:\/\/biblioteca.proeibandes.org\/index.php?rest_route=%2Fwp%2Fv2%2Fcomments&post=169"}],"version-history":[{"count":2,"href":"https:\/\/biblioteca.proeibandes.org\/index.php?rest_route=\/wp\/v2\/posts\/169\/revisions"}],"predecessor-version":[{"id":172,"href":"https:\/\/biblioteca.proeibandes.org\/index.php?rest_route=\/wp\/v2\/posts\/169\/revisions\/172"}],"wp:attachment":[{"href":"https:\/\/biblioteca.proeibandes.org\/index.php?rest_route=%2Fwp%2Fv2%2Fmedia&parent=169"}],"wp:term":[{"taxonomy":"category","embeddable":true,"href":"https:\/\/biblioteca.proeibandes.org\/index.php?rest_route=%2Fwp%2Fv2%2Fcategories&post=169"},{"taxonomy":"post_tag","embeddable":true,"href":"https:\/\/biblioteca.proeibandes.org\/index.php?rest_route=%2Fwp%2Fv2%2Ftags&post=169"}],"curies":[{"name":"wp","href":"https:\/\/api.w.org\/{rel}","templated":true}]}}